{"id":1073,"date":"2020-05-01T08:30:53","date_gmt":"2020-05-01T08:30:53","guid":{"rendered":"http:\/\/myriamferron.com\/?p=1073"},"modified":"2020-04-30T16:25:27","modified_gmt":"2020-04-30T16:25:27","slug":"re-ouverture-le-12-mai","status":"publish","type":"post","link":"https:\/\/myriamferron.com\/index.php\/2020\/05\/01\/re-ouverture-le-12-mai\/","title":{"rendered":"R\u00e9-ouverture le 12 mai !"},"content":{"rendered":"\n<div class=\"wp-block-image\"><figure class=\"aligncenter size-large\"><img loading=\"lazy\" decoding=\"async\" width=\"512\" height=\"256\" src=\"https:\/\/myriamferron.com\/wp-content\/uploads\/2020\/04\/unnamed.jpg\" alt=\"\" class=\"wp-image-1074\" srcset=\"https:\/\/myriamferron.com\/wp-content\/uploads\/2020\/04\/unnamed.jpg 512w, https:\/\/myriamferron.com\/wp-content\/uploads\/2020\/04\/unnamed-300x150.jpg 300w\" sizes=\"auto, (max-width: 512px) 100vw, 512px\" \/><figcaption><strong>Je vous souhaite sinc\u00e8rement un tr\u00e8s joli 1er Mai, rempli de douceur et de l\u00e9g\u00e8ret\u00e9 !<\/strong><\/figcaption><\/figure><\/div>\n\n\n\n<p>Le d\u00e9confinement arrive et je me sens en pleine forme pour reprendre mon activit\u00e9 le <strong>12 mai<\/strong>.<\/p>\n\n\n\n<p>Vous pouvez d\u00e8s \u00e0 pr\u00e9sent prendre<strong> <a rel=\"noreferrer noopener\" href=\"https:\/\/myriamferron.com\/index.php\/book-appointment\/\" target=\"_blank\">RV sur mon agenda en ligne<\/a><\/strong> pour vous d\u00e9tendre, \u00e9liminer stress et pens\u00e9es n\u00e9gatives, all\u00e9ger les douleurs et retrouver un \u00e9quilibre du corps. <br>Par mesure de pr\u00e9vention, je ne pratiquerai pas -dans un 1er temps- de r\u00e9flexologie faciale &amp; cr\u00e2nienne ni de palmaire.<\/p>\n\n\n\n<p>Don&rsquo;t worry, tout va bien se passer ! <br>Nous allons juste proc\u00e9der diff\u00e9remment : masque obligatoire pour vous comme pour moi, distance d&rsquo;1m, lavage des mains et venez avec votre stylo si vous r\u00e9glez par ch\u00e8que.<\/p>\n\n\n\n<p>Je suis en train de m&rsquo;organiser pour vous accueillir le mieux possible en respectant les conditions de pr\u00e9vention.<\/p>\n\n\n\n<p>J&rsquo;ai h\u00e2te de vous retrouver !<br><\/p>\n\n\n\n<p><\/p>\n\n\n\n<p><\/p>\n","protected":false},"excerpt":{"rendered":"<p>Le d\u00e9confinement arrive et je me sens en pleine forme pour reprendre mon activit\u00e9 le 12 mai. Vous pouvez d\u00e8s \u00e0 pr\u00e9sent prendre RV sur mon agenda en ligne pour vous d\u00e9tendre, \u00e9liminer stress et pens\u00e9es n\u00e9gatives, all\u00e9ger les douleurs et retrouver un \u00e9quilibre du corps. Par mesure de pr\u00e9vention, je ne pratiquerai pas -dans [&hellip;]<\/p>\n","protected":false},"author":1,"featured_media":0,"comment_status":"open","ping_status":"open","sticky":false,"template":"","format":"standard","meta":{"footnotes":""},"categories":[1],"tags":[],"class_list":["post-1073","post","type-post","status-publish","format-standard","hentry","category-uncategorized"],"_links":{"self":[{"href":"https:\/\/myriamferron.com\/index.php\/wp-json\/wp\/v2\/posts\/1073","targetHints":{"allow":["GET"]}}],"collection":[{"href":"https:\/\/myriamferron.com\/index.php\/wp-json\/wp\/v2\/posts"}],"about":[{"href":"https:\/\/myriamferron.com\/index.php\/wp-json\/wp\/v2\/types\/post"}],"author":[{"embeddable":true,"href":"https:\/\/myriamferron.com\/index.php\/wp-json\/wp\/v2\/users\/1"}],"replies":[{"embeddable":true,"href":"https:\/\/myriamferron.com\/index.php\/wp-json\/wp\/v2\/comments?post=1073"}],"version-history":[{"count":4,"href":"https:\/\/myriamferron.com\/index.php\/wp-json\/wp\/v2\/posts\/1073\/revisions"}],"predecessor-version":[{"id":1078,"href":"https:\/\/myriamferron.com\/index.php\/wp-json\/wp\/v2\/posts\/1073\/revisions\/1078"}],"wp:attachment":[{"href":"https:\/\/myriamferron.com\/index.php\/wp-json\/wp\/v2\/media?parent=1073"}],"wp:term":[{"taxonomy":"category","embeddable":true,"href":"https:\/\/myriamferron.com\/index.php\/wp-json\/wp\/v2\/categories?post=1073"},{"taxonomy":"post_tag","embeddable":true,"href":"https:\/\/myriamferron.com\/index.php\/wp-json\/wp\/v2\/tags?post=1073"}],"curies":[{"name":"wp","href":"https:\/\/api.w.org\/{rel}","templated":true}]}}