{"id":1374,"date":"2023-10-26T16:49:53","date_gmt":"2023-10-26T16:49:53","guid":{"rendered":"https:\/\/myriamferron.com\/?p=1374"},"modified":"2023-10-26T16:51:11","modified_gmt":"2023-10-26T16:51:11","slug":"prenez-soin-de-vos-collaborateurs","status":"publish","type":"post","link":"https:\/\/myriamferron.com\/index.php\/2023\/10\/26\/prenez-soin-de-vos-collaborateurs\/","title":{"rendered":"Prenez soin de vos collaborateurs !"},"content":{"rendered":"<div class=\"wp-block-image\">\n<figure class=\"aligncenter size-full is-resized\"><img loading=\"lazy\" decoding=\"async\" width=\"640\" height=\"480\" src=\"https:\/\/myriamferron.com\/wp-content\/uploads\/2023\/10\/soin-en-ese.jpg\" alt=\"\" class=\"wp-image-1375\" style=\"aspect-ratio:1.3333333333333333;width:562px;height:auto\" srcset=\"https:\/\/myriamferron.com\/wp-content\/uploads\/2023\/10\/soin-en-ese.jpg 640w, https:\/\/myriamferron.com\/wp-content\/uploads\/2023\/10\/soin-en-ese-300x225.jpg 300w, https:\/\/myriamferron.com\/wp-content\/uploads\/2023\/10\/soin-en-ese-572x429.jpg 572w\" sizes=\"auto, (max-width: 640px) 100vw, 640px\" \/><\/figure>\n<\/div>\n\n\n<p><br>Vous adorez et en redemandez&#8230; quand votre entreprise prend soin de vous en faisant appel \u00e0 moi par exemple&#8230;<\/p>\n\n\n\n<p>Que ce soit une demi-journ\u00e9e ou une journ\u00e9e&#8230; dans votre entreprise pour faire une pause, vous rebooster&#8230; Quand la r\u00e9flexologie am\u00e9liore la qualit\u00e9 de vie au travail ! Il me suffit d&rsquo;une salle de r\u00e9union ferm\u00e9e et calme pour 20-30 mn de soins pour chaque collaborateur. <\/p>\n\n\n\n<p>Pour cette grande entreprise, j&rsquo;ai effectu\u00e9 de la r\u00e9flexologie du visage et du cr\u00e2ne (l\u00e2cher prise) mais j&rsquo;ai \u00e9galement d&rsquo;autres pratiques dans mes mains \ud83d\ude42 comme la r\u00e9flexologie plantaire et palmaire ! <\/p>\n\n\n\n<p>On se dit \u00e0 bient\u00f4t alors&#8230;<\/p>\n","protected":false},"excerpt":{"rendered":"<p>Vous adorez et en redemandez&#8230; quand votre entreprise prend soin de vous en faisant appel \u00e0 moi par exemple&#8230; Que ce soit une demi-journ\u00e9e ou une journ\u00e9e&#8230; dans votre entreprise pour faire une pause, vous rebooster&#8230; Quand la r\u00e9flexologie am\u00e9liore la qualit\u00e9 de vie au travail ! Il me suffit d&rsquo;une salle de r\u00e9union ferm\u00e9e [&hellip;]<\/p>\n","protected":false},"author":1,"featured_media":0,"comment_status":"open","ping_status":"open","sticky":false,"template":"","format":"standard","meta":{"footnotes":""},"categories":[1],"tags":[],"class_list":["post-1374","post","type-post","status-publish","format-standard","hentry","category-uncategorized"],"_links":{"self":[{"href":"https:\/\/myriamferron.com\/index.php\/wp-json\/wp\/v2\/posts\/1374","targetHints":{"allow":["GET"]}}],"collection":[{"href":"https:\/\/myriamferron.com\/index.php\/wp-json\/wp\/v2\/posts"}],"about":[{"href":"https:\/\/myriamferron.com\/index.php\/wp-json\/wp\/v2\/types\/post"}],"author":[{"embeddable":true,"href":"https:\/\/myriamferron.com\/index.php\/wp-json\/wp\/v2\/users\/1"}],"replies":[{"embeddable":true,"href":"https:\/\/myriamferron.com\/index.php\/wp-json\/wp\/v2\/comments?post=1374"}],"version-history":[{"count":3,"href":"https:\/\/myriamferron.com\/index.php\/wp-json\/wp\/v2\/posts\/1374\/revisions"}],"predecessor-version":[{"id":1378,"href":"https:\/\/myriamferron.com\/index.php\/wp-json\/wp\/v2\/posts\/1374\/revisions\/1378"}],"wp:attachment":[{"href":"https:\/\/myriamferron.com\/index.php\/wp-json\/wp\/v2\/media?parent=1374"}],"wp:term":[{"taxonomy":"category","embeddable":true,"href":"https:\/\/myriamferron.com\/index.php\/wp-json\/wp\/v2\/categories?post=1374"},{"taxonomy":"post_tag","embeddable":true,"href":"https:\/\/myriamferron.com\/index.php\/wp-json\/wp\/v2\/tags?post=1374"}],"curies":[{"name":"wp","href":"https:\/\/api.w.org\/{rel}","templated":true}]}}