{"id":146,"date":"2016-02-05T11:59:54","date_gmt":"2016-02-05T11:59:54","guid":{"rendered":"http:\/\/myriamferron.com\/?p=146"},"modified":"2016-02-05T12:02:48","modified_gmt":"2016-02-05T12:02:48","slug":"salon-bien-etre-medecine-douce-et-thalasso-a-ouvert-ses-portes","status":"publish","type":"post","link":"https:\/\/myriamferron.com\/index.php\/2016\/02\/05\/salon-bien-etre-medecine-douce-et-thalasso-a-ouvert-ses-portes\/","title":{"rendered":"Le Salon Bien-\u00eatre, M\u00e9decine douce et thalasso a ouvert ses portes"},"content":{"rendered":"<p><img loading=\"lazy\" decoding=\"async\" class=\"aligncenter size-full wp-image-147\" src=\"https:\/\/myriamferron.com\/wp-content\/uploads\/2016\/02\/salon-bien-etre-medecines-douces-et-thalasso-2015-paris-00-ban.png\" alt=\"salon-bien-etre-medecines-douces-et-thalasso-2015-paris-00-ban\" width=\"645\" height=\"216\" srcset=\"https:\/\/myriamferron.com\/wp-content\/uploads\/2016\/02\/salon-bien-etre-medecines-douces-et-thalasso-2015-paris-00-ban.png 645w, https:\/\/myriamferron.com\/wp-content\/uploads\/2016\/02\/salon-bien-etre-medecines-douces-et-thalasso-2015-paris-00-ban-300x100.png 300w, https:\/\/myriamferron.com\/wp-content\/uploads\/2016\/02\/salon-bien-etre-medecines-douces-et-thalasso-2015-paris-00-ban-572x192.png 572w\" sizes=\"auto, (max-width: 645px) 100vw, 645px\" \/><\/p>\n<p>Ce\u00a0salon, r\u00e9f\u00e9rence en mati\u00e8re de bien \u00eatre et de sant\u00e9 au naturel met \u00e0 votre disposition : ateliers, conf\u00e9rences et stands.<\/p>\n<p>L&rsquo;entr\u00e9e est gratuite si vous la t\u00e9l\u00e9chargez sur leur site <a href=\"http:\/\/www.salon-medecinedouce.com\/visiteur_invitation\/\" target=\"_blank\">http:\/\/www.salon-medecinedouce.com\/visiteur_invitation\/<\/a><\/p>\n<p>Bonne visite !<\/p>\n","protected":false},"excerpt":{"rendered":"<p>Ce\u00a0salon, r\u00e9f\u00e9rence en mati\u00e8re de bien \u00eatre et de sant\u00e9 au naturel met \u00e0 votre disposition : ateliers, conf\u00e9rences et stands. L&rsquo;entr\u00e9e est gratuite si vous la t\u00e9l\u00e9chargez sur leur site http:\/\/www.salon-medecinedouce.com\/visiteur_invitation\/ Bonne visite !<\/p>\n","protected":false},"author":1,"featured_media":0,"comment_status":"open","ping_status":"open","sticky":false,"template":"","format":"standard","meta":{"footnotes":""},"categories":[4],"tags":[],"class_list":["post-146","post","type-post","status-publish","format-standard","hentry","category-salon"],"_links":{"self":[{"href":"https:\/\/myriamferron.com\/index.php\/wp-json\/wp\/v2\/posts\/146","targetHints":{"allow":["GET"]}}],"collection":[{"href":"https:\/\/myriamferron.com\/index.php\/wp-json\/wp\/v2\/posts"}],"about":[{"href":"https:\/\/myriamferron.com\/index.php\/wp-json\/wp\/v2\/types\/post"}],"author":[{"embeddable":true,"href":"https:\/\/myriamferron.com\/index.php\/wp-json\/wp\/v2\/users\/1"}],"replies":[{"embeddable":true,"href":"https:\/\/myriamferron.com\/index.php\/wp-json\/wp\/v2\/comments?post=146"}],"version-history":[{"count":5,"href":"https:\/\/myriamferron.com\/index.php\/wp-json\/wp\/v2\/posts\/146\/revisions"}],"predecessor-version":[{"id":152,"href":"https:\/\/myriamferron.com\/index.php\/wp-json\/wp\/v2\/posts\/146\/revisions\/152"}],"wp:attachment":[{"href":"https:\/\/myriamferron.com\/index.php\/wp-json\/wp\/v2\/media?parent=146"}],"wp:term":[{"taxonomy":"category","embeddable":true,"href":"https:\/\/myriamferron.com\/index.php\/wp-json\/wp\/v2\/categories?post=146"},{"taxonomy":"post_tag","embeddable":true,"href":"https:\/\/myriamferron.com\/index.php\/wp-json\/wp\/v2\/tags?post=146"}],"curies":[{"name":"wp","href":"https:\/\/api.w.org\/{rel}","templated":true}]}}