{"id":224,"date":"2016-05-17T18:01:24","date_gmt":"2016-05-17T18:01:24","guid":{"rendered":"http:\/\/myriamferron.com\/?p=224"},"modified":"2016-05-17T18:04:43","modified_gmt":"2016-05-17T18:04:43","slug":"offre-speciale-fete-des-meres","status":"publish","type":"post","link":"https:\/\/myriamferron.com\/index.php\/2016\/05\/17\/offre-speciale-fete-des-meres\/","title":{"rendered":"Offre sp\u00e9ciale f\u00eate des M\u00e8res"},"content":{"rendered":"<p><img loading=\"lazy\" decoding=\"async\" class=\"aligncenter size-full wp-image-225\" src=\"https:\/\/myriamferron.com\/wp-content\/uploads\/2016\/05\/10668796_654325144674333_9067898550910759390_o.jpg\" alt=\"10668796_654325144674333_9067898550910759390_o\" width=\"2048\" height=\"1280\" srcset=\"https:\/\/myriamferron.com\/wp-content\/uploads\/2016\/05\/10668796_654325144674333_9067898550910759390_o.jpg 2048w, https:\/\/myriamferron.com\/wp-content\/uploads\/2016\/05\/10668796_654325144674333_9067898550910759390_o-300x188.jpg 300w, https:\/\/myriamferron.com\/wp-content\/uploads\/2016\/05\/10668796_654325144674333_9067898550910759390_o-768x480.jpg 768w, https:\/\/myriamferron.com\/wp-content\/uploads\/2016\/05\/10668796_654325144674333_9067898550910759390_o-1024x640.jpg 1024w, https:\/\/myriamferron.com\/wp-content\/uploads\/2016\/05\/10668796_654325144674333_9067898550910759390_o-952x595.jpg 952w, https:\/\/myriamferron.com\/wp-content\/uploads\/2016\/05\/10668796_654325144674333_9067898550910759390_o-919x574.jpg 919w, https:\/\/myriamferron.com\/wp-content\/uploads\/2016\/05\/10668796_654325144674333_9067898550910759390_o-572x358.jpg 572w\" sizes=\"auto, (max-width: 2048px) 100vw, 2048px\" \/><\/p>\n<p align=\"left\"><span style=\"font-family: Arial,sans-serif;\">Offrez \u00e0 votre maman,\u00a0\u00e0 une amie&#8230;\u00a0une ou plusieurs s\u00e9ances en r\u00e9flexologie\u00a0! Un moment dont elle se\u00a0souviendra.<br \/>\n<\/span><\/p>\n<p align=\"left\"><span style=\"font-family: Arial,sans-serif;\">Vous pouvez \u00e9galement\u00a0vous offrir ou vous faire offrir cet instant bien-\u00eatre\u00a0privil\u00e9gi\u00e9&#8230;<\/span><\/p>\n<p><em>Petit rappel : f\u00eate des M\u00e8res le <span style=\"color: #8c0095;\"><span style=\"color: #de238a;\">29 mai prochain<\/span><br \/>\n<\/span><\/em><br \/>\n<span style=\"font-family: Arial,sans-serif;\"><strong>3 s\u00e9ances de 60 mn <\/strong>de soins en r\u00e9flexologie au choix<strong>*\u00a0\u00a0\u00a0\u00a0\u00a0<span style=\"color: #de238a;\">180 \u20ac\u00a0 \u00a0(30\u20ac offerts)<\/span><\/strong><br \/>\n<strong>2\u00a0s\u00e9ances de 60 mn\u00a0<\/strong>de soins en r\u00e9flexologie au choix*<strong>\u00a0\u00a0\u00a0\u00a0 <span style=\"color: #de238a;\">125 \u20ac\u00a0 \u00a0(15\u20ac offerts)<\/span><\/strong><br \/>\n<strong>1\u00a0s\u00e9ance de 60 mn <\/strong>de soins en r\u00e9flexologie au choix*<strong>\u00a0\u00a0\u00a0\u00a0\u00a0\u00a0\u00a0 \u00a0<span style=\"color: #de238a;\">65 \u20ac\u00a0 \u00a0(5\u20ac offerts)<br \/>\n<\/span><\/strong><\/span><span style=\"font-family: Arial,sans-serif;\"><br \/>\n<span style=\"font-size: small;\">Tarif actuel d&rsquo;une s\u00e9ance d&rsquo;1h : 70\u20ac<br \/>\n<\/span><\/span><span style=\"font-family: Arial,sans-serif;\"><span style=\"font-size: small;\">Offre sp\u00e9ciale F\u00eate des M\u00e8res\u00a0valable jusqu&rsquo;au 27\/05\/2016<\/span>\u00a0<\/span><\/p>\n<div dir=\"ltr\">\n<div dir=\"ltr\">\n<div dir=\"ltr\">\n<div>\n<div dir=\"ltr\">\n<div dir=\"ltr\">\n<div>\n<div dir=\"ltr\"><span style=\"font-family: Arial,sans-serif;\">* plantaire, faciale&amp;cr\u00e2nienne, palmaire et soin relaxant du dos<\/span><\/div>\n<div dir=\"ltr\">\n<p dir=\"ltr\" align=\"left\"><span style=\"font-family: Arial,sans-serif;\">Le bon sera valable\u00a08 mois<\/span><\/p>\n<\/div>\n<div dir=\"ltr\"><span style=\"font-family: Arial,sans-serif;\">S\u00e9ances dans mon cabinet \u00e0 Nation (75012) ou au Centre de Th\u00e9rapies Douces (75015).<br \/>\n<\/span><span style=\"font-family: Arial,sans-serif;\">\u00a0<\/span><\/div>\n<p dir=\"ltr\" align=\"left\"><span style=\"font-family: Arial,sans-serif;\">Envoi du bon cadeau par courrier postal ou par mail.<\/span><\/p>\n<p dir=\"ltr\" align=\"left\">Me contacter via ma messagerie : <strong><a href=\"mailto:myriamferron@hotmail.com\" target=\"_blank\">myriamferron@hotmail.com<\/a><\/strong><\/p>\n<\/div>\n<\/div>\n<\/div>\n<\/div>\n<\/div>\n<\/div>\n<\/div>\n","protected":false},"excerpt":{"rendered":"<p>Offrez \u00e0 votre maman,\u00a0\u00e0 une amie&#8230;\u00a0une ou plusieurs s\u00e9ances en r\u00e9flexologie\u00a0! Un moment dont elle se\u00a0souviendra. Vous pouvez \u00e9galement\u00a0vous offrir ou vous faire offrir cet instant bien-\u00eatre\u00a0privil\u00e9gi\u00e9&#8230; Petit rappel : f\u00eate des M\u00e8res le 29 mai prochain 3 s\u00e9ances de 60 mn de soins en r\u00e9flexologie au choix*\u00a0\u00a0\u00a0\u00a0\u00a0180 \u20ac\u00a0 \u00a0(30\u20ac offerts) 2\u00a0s\u00e9ances de 60 mn\u00a0de [&hellip;]<\/p>\n","protected":false},"author":1,"featured_media":0,"comment_status":"open","ping_status":"open","sticky":false,"template":"","format":"standard","meta":{"footnotes":""},"categories":[8],"tags":[],"class_list":["post-224","post","type-post","status-publish","format-standard","hentry","category-offres"],"_links":{"self":[{"href":"https:\/\/myriamferron.com\/index.php\/wp-json\/wp\/v2\/posts\/224","targetHints":{"allow":["GET"]}}],"collection":[{"href":"https:\/\/myriamferron.com\/index.php\/wp-json\/wp\/v2\/posts"}],"about":[{"href":"https:\/\/myriamferron.com\/index.php\/wp-json\/wp\/v2\/types\/post"}],"author":[{"embeddable":true,"href":"https:\/\/myriamferron.com\/index.php\/wp-json\/wp\/v2\/users\/1"}],"replies":[{"embeddable":true,"href":"https:\/\/myriamferron.com\/index.php\/wp-json\/wp\/v2\/comments?post=224"}],"version-history":[{"count":5,"href":"https:\/\/myriamferron.com\/index.php\/wp-json\/wp\/v2\/posts\/224\/revisions"}],"predecessor-version":[{"id":230,"href":"https:\/\/myriamferron.com\/index.php\/wp-json\/wp\/v2\/posts\/224\/revisions\/230"}],"wp:attachment":[{"href":"https:\/\/myriamferron.com\/index.php\/wp-json\/wp\/v2\/media?parent=224"}],"wp:term":[{"taxonomy":"category","embeddable":true,"href":"https:\/\/myriamferron.com\/index.php\/wp-json\/wp\/v2\/categories?post=224"},{"taxonomy":"post_tag","embeddable":true,"href":"https:\/\/myriamferron.com\/index.php\/wp-json\/wp\/v2\/tags?post=224"}],"curies":[{"name":"wp","href":"https:\/\/api.w.org\/{rel}","templated":true}]}}