{"id":434,"date":"2017-09-18T15:45:11","date_gmt":"2017-09-18T15:45:11","guid":{"rendered":"http:\/\/myriamferron.com\/?p=434"},"modified":"2017-09-18T15:45:11","modified_gmt":"2017-09-18T15:45:11","slug":"super-tarifs-pour-la-semaine-mondiale-de-la-reflexologie","status":"publish","type":"post","link":"https:\/\/myriamferron.com\/index.php\/2017\/09\/18\/super-tarifs-pour-la-semaine-mondiale-de-la-reflexologie\/","title":{"rendered":"Super tarifs pour la Semaine mondiale de la r\u00e9flexologie"},"content":{"rendered":"<p><a href=\"https:\/\/myriamferron.com\/index.php\/2017\/09\/18\/super-tarifs-pour-la-semaine-mondiale-de-la-reflexologie\/%e2%80%a2-tarif-special_-_-25e-la-seance-de-30-mn-au-lieu-de-40e50e-la-seance-de-60-mn-au-li\/\" rel=\"attachment wp-att-436\"><img loading=\"lazy\" decoding=\"async\" class=\"wp-image-436 aligncenter\" src=\"https:\/\/myriamferron.com\/wp-content\/uploads\/2017\/09\/\u2022-TARIF-SP\u00e9CIAL_-_-25\u20ac-la-s\u00e9ance-de-30-mn-au-lieu-de-40\u20ac50\u20ac-la-s\u00e9ance-de-60-mn-au-li.png\" alt=\"\" width=\"451\" height=\"378\" srcset=\"https:\/\/myriamferron.com\/wp-content\/uploads\/2017\/09\/\u2022-TARIF-SP\u00e9CIAL_-_-25\u20ac-la-s\u00e9ance-de-30-mn-au-lieu-de-40\u20ac50\u20ac-la-s\u00e9ance-de-60-mn-au-li.png 940w, https:\/\/myriamferron.com\/wp-content\/uploads\/2017\/09\/\u2022-TARIF-SP\u00e9CIAL_-_-25\u20ac-la-s\u00e9ance-de-30-mn-au-lieu-de-40\u20ac50\u20ac-la-s\u00e9ance-de-60-mn-au-li-300x251.png 300w, https:\/\/myriamferron.com\/wp-content\/uploads\/2017\/09\/\u2022-TARIF-SP\u00e9CIAL_-_-25\u20ac-la-s\u00e9ance-de-30-mn-au-lieu-de-40\u20ac50\u20ac-la-s\u00e9ance-de-60-mn-au-li-768x644.png 768w, https:\/\/myriamferron.com\/wp-content\/uploads\/2017\/09\/\u2022-TARIF-SP\u00e9CIAL_-_-25\u20ac-la-s\u00e9ance-de-30-mn-au-lieu-de-40\u20ac50\u20ac-la-s\u00e9ance-de-60-mn-au-li-919x770.png 919w, https:\/\/myriamferron.com\/wp-content\/uploads\/2017\/09\/\u2022-TARIF-SP\u00e9CIAL_-_-25\u20ac-la-s\u00e9ance-de-30-mn-au-lieu-de-40\u20ac50\u20ac-la-s\u00e9ance-de-60-mn-au-li-572x480.png 572w\" sizes=\"auto, (max-width: 451px) 100vw, 451px\" \/><\/a><\/p>\n<p>Pour cette semaine, venez d\u00e9couvrir la r\u00e9flexologie avec des <strong>tarifs tr\u00e8s int\u00e9ressants<\/strong> :<\/p>\n<p style=\"text-align: left;\"><span style=\"color: #3366ff;\"><strong>25\u20ac<\/strong> la s\u00e9ance de 30 mn*<\/span><br \/>\n<span style=\"color: #3366ff;\"><strong>50\u20ac<\/strong> la s\u00e9ance de 60 mn*<\/span><\/p>\n<p>*Ces tarifs ne sont valables qu&rsquo;\u00e0 mon cabinet au 4 avenue du Tr\u00f4ne, 75012 (m\u00e9tro Nation)<br \/>\nSoit mardi 19\/09 &#8211; mercredi 20\/09 et samedi 23\/09\/2017<\/p>\n<p>Au choix : r\u00e9flexologie plantaire ou faciale&amp;cr\u00e2nienne ou palmaire<\/p>\n<p>Pour <a href=\"https:\/\/myriamferron.com\/index.php\/temoignages\/\" target=\"_blank\" rel=\"noopener\">en savoir plus <\/a>ou <a href=\"https:\/\/myriamferron.com\/index.php\/me-contacter\/\" target=\"_blank\" rel=\"noopener\">prendre RV <\/a>:<br \/>\nmyriamferron.com<br \/>\nt\u00e9l ou sms : 06 30 85 83 14<\/p>\n<p>A bient\u00f4t et prenez soin de vous&#8230;<\/p>\n","protected":false},"excerpt":{"rendered":"<p>Pour cette semaine, venez d\u00e9couvrir la r\u00e9flexologie avec des tarifs tr\u00e8s int\u00e9ressants : 25\u20ac la s\u00e9ance de 30 mn* 50\u20ac la s\u00e9ance de 60 mn* *Ces tarifs ne sont valables qu&rsquo;\u00e0 mon cabinet au 4 avenue du Tr\u00f4ne, 75012 (m\u00e9tro Nation) Soit mardi 19\/09 &#8211; mercredi 20\/09 et samedi 23\/09\/2017 Au choix : r\u00e9flexologie plantaire [&hellip;]<\/p>\n","protected":false},"author":1,"featured_media":0,"comment_status":"open","ping_status":"open","sticky":false,"template":"","format":"standard","meta":{"footnotes":""},"categories":[1],"tags":[],"class_list":["post-434","post","type-post","status-publish","format-standard","hentry","category-uncategorized"],"_links":{"self":[{"href":"https:\/\/myriamferron.com\/index.php\/wp-json\/wp\/v2\/posts\/434","targetHints":{"allow":["GET"]}}],"collection":[{"href":"https:\/\/myriamferron.com\/index.php\/wp-json\/wp\/v2\/posts"}],"about":[{"href":"https:\/\/myriamferron.com\/index.php\/wp-json\/wp\/v2\/types\/post"}],"author":[{"embeddable":true,"href":"https:\/\/myriamferron.com\/index.php\/wp-json\/wp\/v2\/users\/1"}],"replies":[{"embeddable":true,"href":"https:\/\/myriamferron.com\/index.php\/wp-json\/wp\/v2\/comments?post=434"}],"version-history":[{"count":7,"href":"https:\/\/myriamferron.com\/index.php\/wp-json\/wp\/v2\/posts\/434\/revisions"}],"predecessor-version":[{"id":443,"href":"https:\/\/myriamferron.com\/index.php\/wp-json\/wp\/v2\/posts\/434\/revisions\/443"}],"wp:attachment":[{"href":"https:\/\/myriamferron.com\/index.php\/wp-json\/wp\/v2\/media?parent=434"}],"wp:term":[{"taxonomy":"category","embeddable":true,"href":"https:\/\/myriamferron.com\/index.php\/wp-json\/wp\/v2\/categories?post=434"},{"taxonomy":"post_tag","embeddable":true,"href":"https:\/\/myriamferron.com\/index.php\/wp-json\/wp\/v2\/tags?post=434"}],"curies":[{"name":"wp","href":"https:\/\/api.w.org\/{rel}","templated":true}]}}