{"id":450,"date":"2017-09-27T15:35:45","date_gmt":"2017-09-27T15:35:45","guid":{"rendered":"http:\/\/myriamferron.com\/?p=450"},"modified":"2017-09-27T15:35:45","modified_gmt":"2017-09-27T15:35:45","slug":"la-reflexologie-passe-au-jt-de-tf1","status":"publish","type":"post","link":"https:\/\/myriamferron.com\/index.php\/2017\/09\/27\/la-reflexologie-passe-au-jt-de-tf1\/","title":{"rendered":"La r\u00e9flexologie passe au JT de TF1"},"content":{"rendered":"<p><a href=\"https:\/\/drive.google.com\/file\/d\/0B-bmHbbtcr8tOW5EeFh2ODdQMDA\/view\" target=\"_blank\" rel=\"attachment wp-att-452 noopener\"><img loading=\"lazy\" decoding=\"async\" class=\"aligncenter size-full wp-image-452\" src=\"https:\/\/myriamferron.com\/wp-content\/uploads\/2017\/09\/jt-tf1-ConvertImage-copie.jpg\" alt=\"\" width=\"615\" height=\"378\" srcset=\"https:\/\/myriamferron.com\/wp-content\/uploads\/2017\/09\/jt-tf1-ConvertImage-copie.jpg 615w, https:\/\/myriamferron.com\/wp-content\/uploads\/2017\/09\/jt-tf1-ConvertImage-copie-300x184.jpg 300w, https:\/\/myriamferron.com\/wp-content\/uploads\/2017\/09\/jt-tf1-ConvertImage-copie-572x352.jpg 572w\" sizes=\"auto, (max-width: 615px) 100vw, 615px\" \/><\/a><\/p>\n<p>\u00ab\u00a0Tous adeptes de la r\u00e9flexologie ?\u00a0\u00bb. Telle est la conclusion de la r\u00e9daction du Journal t\u00e9l\u00e9vis\u00e9 de 20h de TF1 \u00e0 propos de la r\u00e9flexologie.<\/p>\n<p>Qu&rsquo;on aille voir un r\u00e9flexologue ou qu&rsquo;on le re\u00e7oive \u00e0 domicile, maintenant la r\u00e9flexologie est invit\u00e9e sur le lieu de travail.<br \/>\n<span style=\"font-family: Arial,Helvetica,sans-serif;\">Des entreprises &#8211; <\/span><span style=\"font-family: Arial,Helvetica,sans-serif;\">comme \u00ab\u00a0Lesieur\u00a0\u00bb (Bravo !) &#8211; <\/span><span style=\"font-family: Arial,Helvetica,sans-serif;\">offrent des soins en <\/span><span style=\"font-family: Arial,Helvetica,sans-serif;\">r\u00e9flexologie \u00e0 leurs salari\u00e9s<\/span><span style=\"font-family: Arial,Helvetica,sans-serif;\">&#8230; <\/span><span style=\"font-family: Arial,Helvetica,sans-serif;\">!<\/span><\/p>\n<div><span style=\"font-family: Arial,Helvetica,sans-serif;\">Et <\/span><span style=\"font-family: Arial,Helvetica,sans-serif;\">si vous en parliez \u00e0 votre employeur ? Votre DRH pourrait parfaire sa <\/span><span style=\"font-family: Arial,Helvetica,sans-serif;\">politique de bien-\u00eatre. D&rsquo;ailleurs je serai ravie de le rencontrer&#8230;<\/span><\/div>\n<p>&nbsp;<\/p>\n<p>Ce reportage a \u00e9t\u00e9 diffus\u00e9 le 26\/09\/2017, si vous voulez le visionner (2mn23sec), c&rsquo;est par ici :\u00a0<a href=\"https:\/\/drive.google.com\/file\/d\/0B-bmHbbtcr8tOW5EeFh2ODdQMDA\/view\" target=\"_blank\" rel=\"noopener\">https:\/\/drive.google.com\/file\/d\/0B-bmHbbtcr8tOW5EeFh2ODdQMDA\/view<\/a><\/p>\n","protected":false},"excerpt":{"rendered":"<p>\u00ab\u00a0Tous adeptes de la r\u00e9flexologie ?\u00a0\u00bb. Telle est la conclusion de la r\u00e9daction du Journal t\u00e9l\u00e9vis\u00e9 de 20h de TF1 \u00e0 propos de la r\u00e9flexologie. Qu&rsquo;on aille voir un r\u00e9flexologue ou qu&rsquo;on le re\u00e7oive \u00e0 domicile, maintenant la r\u00e9flexologie est invit\u00e9e sur le lieu de travail. Des entreprises &#8211; comme \u00ab\u00a0Lesieur\u00a0\u00bb (Bravo !) &#8211; offrent [&hellip;]<\/p>\n","protected":false},"author":1,"featured_media":0,"comment_status":"open","ping_status":"open","sticky":false,"template":"","format":"standard","meta":{"footnotes":""},"categories":[1],"tags":[],"class_list":["post-450","post","type-post","status-publish","format-standard","hentry","category-uncategorized"],"_links":{"self":[{"href":"https:\/\/myriamferron.com\/index.php\/wp-json\/wp\/v2\/posts\/450","targetHints":{"allow":["GET"]}}],"collection":[{"href":"https:\/\/myriamferron.com\/index.php\/wp-json\/wp\/v2\/posts"}],"about":[{"href":"https:\/\/myriamferron.com\/index.php\/wp-json\/wp\/v2\/types\/post"}],"author":[{"embeddable":true,"href":"https:\/\/myriamferron.com\/index.php\/wp-json\/wp\/v2\/users\/1"}],"replies":[{"embeddable":true,"href":"https:\/\/myriamferron.com\/index.php\/wp-json\/wp\/v2\/comments?post=450"}],"version-history":[{"count":3,"href":"https:\/\/myriamferron.com\/index.php\/wp-json\/wp\/v2\/posts\/450\/revisions"}],"predecessor-version":[{"id":455,"href":"https:\/\/myriamferron.com\/index.php\/wp-json\/wp\/v2\/posts\/450\/revisions\/455"}],"wp:attachment":[{"href":"https:\/\/myriamferron.com\/index.php\/wp-json\/wp\/v2\/media?parent=450"}],"wp:term":[{"taxonomy":"category","embeddable":true,"href":"https:\/\/myriamferron.com\/index.php\/wp-json\/wp\/v2\/categories?post=450"},{"taxonomy":"post_tag","embeddable":true,"href":"https:\/\/myriamferron.com\/index.php\/wp-json\/wp\/v2\/tags?post=450"}],"curies":[{"name":"wp","href":"https:\/\/api.w.org\/{rel}","templated":true}]}}