{"id":588,"date":"2018-07-09T14:53:36","date_gmt":"2018-07-09T14:53:36","guid":{"rendered":"http:\/\/myriamferron.com\/?p=588"},"modified":"2018-07-09T14:53:36","modified_gmt":"2018-07-09T14:53:36","slug":"cabinet-ouvert-le-14-juillet","status":"publish","type":"post","link":"https:\/\/myriamferron.com\/index.php\/2018\/07\/09\/cabinet-ouvert-le-14-juillet\/","title":{"rendered":"Cabinet ouvert le 14 juillet !"},"content":{"rendered":"<p><a href=\"https:\/\/myriamferron.com\/index.php\/2018\/07\/09\/cabinet-ouvert-le-14-juillet\/14juillet\/\" rel=\"attachment wp-att-589\"><br \/>\n<img loading=\"lazy\" decoding=\"async\" class=\"aligncenter size-full wp-image-589\" src=\"https:\/\/myriamferron.com\/wp-content\/uploads\/2018\/07\/14juillet.jpg\" alt=\"\" width=\"660\" height=\"330\" srcset=\"https:\/\/myriamferron.com\/wp-content\/uploads\/2018\/07\/14juillet.jpg 660w, https:\/\/myriamferron.com\/wp-content\/uploads\/2018\/07\/14juillet-300x150.jpg 300w, https:\/\/myriamferron.com\/wp-content\/uploads\/2018\/07\/14juillet-572x286.jpg 572w\" sizes=\"auto, (max-width: 660px) 100vw, 660px\" \/><\/a><\/p>\n<p>Exceptionnellement mon cabinet \u00e0 Nation sera ouvert le samedi 14 juillet !<br \/>\nEh oui comme je m&rsquo;absente 2 samedis en juillet avant mes \u00ab\u00a0vrais\u00a0\u00bb cong\u00e9s, j&rsquo;ai d\u00e9cid\u00e9 de vous accueillir ce jour f\u00e9ri\u00e9.<\/p>\n<p>Date de mes cong\u00e9s : du 21\/07 au 31\/07\/2018 et du 20\/08 au 10\/09\/2018<\/p>\n<p>Si je ne vous vois pas d&rsquo;ici l\u00e0, je vous souhaite de tr\u00e8s belles et reposantes vacances !<\/p>\n<p>Prenez bien soin de vous !<\/p>\n<div>Pour prendre RV, <a href=\"https:\/\/myriamferron.com\/index.php\/book-appointment\/\" target=\"_blank\" rel=\"noopener\"><strong>c&rsquo;est ici<\/strong> <\/a><\/div>\n","protected":false},"excerpt":{"rendered":"<p>Exceptionnellement mon cabinet \u00e0 Nation sera ouvert le samedi 14 juillet ! Eh oui comme je m&rsquo;absente 2 samedis en juillet avant mes \u00ab\u00a0vrais\u00a0\u00bb cong\u00e9s, j&rsquo;ai d\u00e9cid\u00e9 de vous accueillir ce jour f\u00e9ri\u00e9. Date de mes cong\u00e9s : du 21\/07 au 31\/07\/2018 et du 20\/08 au 10\/09\/2018 Si je ne vous vois pas d&rsquo;ici l\u00e0, [&hellip;]<\/p>\n","protected":false},"author":1,"featured_media":0,"comment_status":"open","ping_status":"open","sticky":false,"template":"","format":"standard","meta":{"footnotes":""},"categories":[10,11],"tags":[],"class_list":["post-588","post","type-post","status-publish","format-standard","hentry","category-conges","category-vacances"],"_links":{"self":[{"href":"https:\/\/myriamferron.com\/index.php\/wp-json\/wp\/v2\/posts\/588","targetHints":{"allow":["GET"]}}],"collection":[{"href":"https:\/\/myriamferron.com\/index.php\/wp-json\/wp\/v2\/posts"}],"about":[{"href":"https:\/\/myriamferron.com\/index.php\/wp-json\/wp\/v2\/types\/post"}],"author":[{"embeddable":true,"href":"https:\/\/myriamferron.com\/index.php\/wp-json\/wp\/v2\/users\/1"}],"replies":[{"embeddable":true,"href":"https:\/\/myriamferron.com\/index.php\/wp-json\/wp\/v2\/comments?post=588"}],"version-history":[{"count":3,"href":"https:\/\/myriamferron.com\/index.php\/wp-json\/wp\/v2\/posts\/588\/revisions"}],"predecessor-version":[{"id":592,"href":"https:\/\/myriamferron.com\/index.php\/wp-json\/wp\/v2\/posts\/588\/revisions\/592"}],"wp:attachment":[{"href":"https:\/\/myriamferron.com\/index.php\/wp-json\/wp\/v2\/media?parent=588"}],"wp:term":[{"taxonomy":"category","embeddable":true,"href":"https:\/\/myriamferron.com\/index.php\/wp-json\/wp\/v2\/categories?post=588"},{"taxonomy":"post_tag","embeddable":true,"href":"https:\/\/myriamferron.com\/index.php\/wp-json\/wp\/v2\/tags?post=588"}],"curies":[{"name":"wp","href":"https:\/\/api.w.org\/{rel}","templated":true}]}}