{"id":661,"date":"2019-02-13T22:52:17","date_gmt":"2019-02-13T22:52:17","guid":{"rendered":"http:\/\/myriamferron.com\/?p=661"},"modified":"2019-02-28T14:38:32","modified_gmt":"2019-02-28T14:38:32","slug":"https-vimeo-com-316631914reffb-share1fbclidiwar2ixn2emvp5wqawnntcoly4i62vmhhqprq9l3dx2ovxwpompfjdy1by-ba","status":"publish","type":"post","link":"https:\/\/myriamferron.com\/index.php\/2019\/02\/13\/https-vimeo-com-316631914reffb-share1fbclidiwar2ixn2emvp5wqawnntcoly4i62vmhhqprq9l3dx2ovxwpompfjdy1by-ba\/","title":{"rendered":"La r\u00e9flexologie \u00e0 l&rsquo;honneur sur M6, \u00e9mission \u00ab\u00a066 minutes\u00a0\u00bb"},"content":{"rendered":"\n<div class=\"wp-block-image\"><figure class=\"aligncenter is-resized\"><a href=\"https:\/\/vimeo.com\/316631914?ref=fb-share&amp;1&amp;fbclid=IwAR2iXn2Emvp5WqawNNTCOly4I62vmHhQPRQ9l3Dx2oVXwPoMPFJDy1by-bA\" target=\"_blank\" rel=\"noreferrer noopener\"><img loading=\"lazy\" decoding=\"async\" src=\"https:\/\/myriamferron.com\/wp-content\/uploads\/2019\/02\/ph-report.jpg\" alt=\"\" class=\"wp-image-662\" width=\"638\" height=\"357\" srcset=\"https:\/\/myriamferron.com\/wp-content\/uploads\/2019\/02\/ph-report.jpg 850w, https:\/\/myriamferron.com\/wp-content\/uploads\/2019\/02\/ph-report-300x168.jpg 300w, https:\/\/myriamferron.com\/wp-content\/uploads\/2019\/02\/ph-report-768x430.jpg 768w, https:\/\/myriamferron.com\/wp-content\/uploads\/2019\/02\/ph-report-572x320.jpg 572w\" sizes=\"auto, (max-width: 638px) 100vw, 638px\" \/><\/a><figcaption>Emission \u00ab\u00a066 minutes\u00a0\u00bb du 10\/02\/2019 sur M6, journaliste Pauline Jaclin<\/figcaption><\/figure><\/div>\n\n\n\n<p>Le 10\/02\/2019 l&rsquo;\u00e9mission<strong> \u00ab\u00a066 minutes\u00a0\u00bb sur M6<\/strong> a diffus\u00e9 son <strong>reportage sur la r\u00e9flexologie<\/strong> dans lequel j&rsquo;apparais comme r\u00e9flexologue exer\u00e7ant \u00e0 son cabinet. <br><br>Trois autres cons\u0153urs ont \u00e9galement particip\u00e9 \u00e0 ce reportage : Corinne Mozet qui propose des soins en entreprise, Nathalie Marin qui intervient au service oncologie pour enfants \u00e0 l&rsquo;H\u00f4pital de Grenoble  et <br>Mireille Meunier, formatrice en r\u00e9flexologie.<\/p>\n\n\n\n<p><\/p>\n\n\n\n<p><strong>Pour regarder le reportage, <\/strong><a aria-label=\"c'est ici  (s\u2019ouvre dans un nouvel onglet)\" href=\"https:\/\/vimeo.com\/316631914?ref=fb-share&amp;1&amp;fbclid=IwAR2iXn2Emvp5WqawNNTCOly4I62vmHhQPRQ9l3Dx2oVXwPoMPFJDy1by-bA\" target=\"_blank\" rel=\"noreferrer noopener\"><strong>c&rsquo;est ici <\/strong><\/a><\/p>\n\n\n\n<p>Bon visionnage !<\/p>\n\n\n\n<p><br><\/p>\n","protected":false},"excerpt":{"rendered":"<p>Le 10\/02\/2019 l&rsquo;\u00e9mission \u00ab\u00a066 minutes\u00a0\u00bb sur M6 a diffus\u00e9 son reportage sur la r\u00e9flexologie dans lequel j&rsquo;apparais comme r\u00e9flexologue exer\u00e7ant \u00e0 son cabinet. Trois autres cons\u0153urs ont \u00e9galement particip\u00e9 \u00e0 ce reportage : Corinne Mozet qui propose des soins en entreprise, Nathalie Marin qui intervient au service oncologie pour enfants \u00e0 l&rsquo;H\u00f4pital de Grenoble et [&hellip;]<\/p>\n","protected":false},"author":1,"featured_media":0,"comment_status":"open","ping_status":"open","sticky":false,"template":"","format":"standard","meta":{"footnotes":""},"categories":[6,1],"tags":[],"class_list":["post-661","post","type-post","status-publish","format-standard","hentry","category-on-parle-de-moi","category-uncategorized"],"_links":{"self":[{"href":"https:\/\/myriamferron.com\/index.php\/wp-json\/wp\/v2\/posts\/661","targetHints":{"allow":["GET"]}}],"collection":[{"href":"https:\/\/myriamferron.com\/index.php\/wp-json\/wp\/v2\/posts"}],"about":[{"href":"https:\/\/myriamferron.com\/index.php\/wp-json\/wp\/v2\/types\/post"}],"author":[{"embeddable":true,"href":"https:\/\/myriamferron.com\/index.php\/wp-json\/wp\/v2\/users\/1"}],"replies":[{"embeddable":true,"href":"https:\/\/myriamferron.com\/index.php\/wp-json\/wp\/v2\/comments?post=661"}],"version-history":[{"count":6,"href":"https:\/\/myriamferron.com\/index.php\/wp-json\/wp\/v2\/posts\/661\/revisions"}],"predecessor-version":[{"id":697,"href":"https:\/\/myriamferron.com\/index.php\/wp-json\/wp\/v2\/posts\/661\/revisions\/697"}],"wp:attachment":[{"href":"https:\/\/myriamferron.com\/index.php\/wp-json\/wp\/v2\/media?parent=661"}],"wp:term":[{"taxonomy":"category","embeddable":true,"href":"https:\/\/myriamferron.com\/index.php\/wp-json\/wp\/v2\/categories?post=661"},{"taxonomy":"post_tag","embeddable":true,"href":"https:\/\/myriamferron.com\/index.php\/wp-json\/wp\/v2\/tags?post=661"}],"curies":[{"name":"wp","href":"https:\/\/api.w.org\/{rel}","templated":true}]}}